{"id":4095,"date":"2018-10-15T16:31:42","date_gmt":"2018-10-15T15:31:42","guid":{"rendered":"https:\/\/www.pepinieresdelariviere.fr\/?p=4095"},"modified":"2019-09-04T14:00:24","modified_gmt":"2019-09-04T12:00:24","slug":"chrysanthemes-arrives-3","status":"publish","type":"post","link":"https:\/\/pepinieresdelariviere.fr\/chrysanthemes-arrives-3\/","title":{"rendered":"Les chrysanth\u00e8mes sont arriv\u00e9s!"},"content":{"rendered":"<p><strong>Profitez d&rsquo;un tr\u00e8s grand choix de formes et de couleurs, \u00e0 partir de 3.95\u20ac.<\/strong><\/p>\n","protected":false},"excerpt":{"rendered":"<p>Profitez d&rsquo;un tr\u00e8s grand choix de formes et de couleurs, \u00e0 partir de 3.95\u20ac.<\/p>\n","protected":false},"author":1,"featured_media":4096,"comment_status":"closed","ping_status":"open","sticky":false,"template":"","format":"standard","meta":{"_et_pb_use_builder":"","_et_pb_old_content":"","_et_gb_content_width":"","footnotes":""},"categories":[7],"tags":[],"class_list":["post-4095","post","type-post","status-publish","format-standard","has-post-thumbnail","hentry","category-actualites"],"yoast_head":"<!-- This site is optimized with the Yoast SEO plugin v27.2 - https:\/\/yoast.com\/product\/yoast-seo-wordpress\/ -->\n<title>Les chrysanth\u00e8mes sont arriv\u00e9s! - P\u00e9pini\u00e8res de la Rivi\u00e8re<\/title>\n<meta name=\"robots\" content=\"index, follow, max-snippet:-1, max-image-preview:large, max-video-preview:-1\" \/>\n<link rel=\"canonical\" href=\"https:\/\/pepinieresdelariviere.fr\/chrysanthemes-arrives-3\/\" \/>\n<meta property=\"og:locale\" content=\"fr_FR\" \/>\n<meta property=\"og:type\" content=\"article\" \/>\n<meta property=\"og:title\" content=\"Les chrysanth\u00e8mes sont arriv\u00e9s! - P\u00e9pini\u00e8res de la Rivi\u00e8re\" \/>\n<meta property=\"og:description\" content=\"Profitez d&rsquo;un tr\u00e8s grand choix de formes et de couleurs, \u00e0 partir de 3.95\u20ac.\" \/>\n<meta property=\"og:url\" content=\"https:\/\/pepinieresdelariviere.fr\/chrysanthemes-arrives-3\/\" \/>\n<meta property=\"og:site_name\" content=\"P\u00e9pini\u00e8res de la Rivi\u00e8re\" \/>\n<meta property=\"article:published_time\" content=\"2018-10-15T15:31:42+00:00\" \/>\n<meta property=\"article:modified_time\" content=\"2019-09-04T12:00:24+00:00\" \/>\n<meta property=\"og:image\" content=\"https:\/\/pepinieresdelariviere.fr\/wp-content\/uploads\/2018\/10\/chrysanth\u00e8mes-2018-1600x1600.jpg\" \/>\n\t<meta property=\"og:image:width\" content=\"1600\" \/>\n\t<meta property=\"og:image:height\" content=\"1600\" \/>\n\t<meta property=\"og:image:type\" content=\"image\/jpeg\" \/>\n<meta name=\"author\" content=\"admin-pepinieresriviere\" \/>\n<meta name=\"twitter:card\" content=\"summary_large_image\" \/>\n<meta name=\"twitter:label1\" content=\"\u00c9crit par\" \/>\n\t<meta name=\"twitter:data1\" content=\"admin-pepinieresriviere\" \/>\n<script type=\"application\/ld+json\" class=\"yoast-schema-graph\">{\"@context\":\"https:\/\/schema.org\",\"@graph\":[{\"@type\":\"Article\",\"@id\":\"https:\/\/pepinieresdelariviere.fr\/chrysanthemes-arrives-3\/#article\",\"isPartOf\":{\"@id\":\"https:\/\/pepinieresdelariviere.fr\/chrysanthemes-arrives-3\/\"},\"author\":{\"name\":\"admin-pepinieresriviere\",\"@id\":\"https:\/\/pepinieresdelariviere.fr\/#\/schema\/person\/8b57c60704cb519936d821f999b254dc\"},\"headline\":\"Les chrysanth\u00e8mes sont arriv\u00e9s!\",\"datePublished\":\"2018-10-15T15:31:42+00:00\",\"dateModified\":\"2019-09-04T12:00:24+00:00\",\"mainEntityOfPage\":{\"@id\":\"https:\/\/pepinieresdelariviere.fr\/chrysanthemes-arrives-3\/\"},\"wordCount\":20,\"image\":{\"@id\":\"https:\/\/pepinieresdelariviere.fr\/chrysanthemes-arrives-3\/#primaryimage\"},\"thumbnailUrl\":\"https:\/\/pepinieresdelariviere.fr\/wp-content\/uploads\/2018\/10\/chrysanth\u00e8mes-2018.jpg\",\"articleSection\":[\"Actualit\u00e9s\"],\"inLanguage\":\"fr-FR\"},{\"@type\":\"WebPage\",\"@id\":\"https:\/\/pepinieresdelariviere.fr\/chrysanthemes-arrives-3\/\",\"url\":\"https:\/\/pepinieresdelariviere.fr\/chrysanthemes-arrives-3\/\",\"name\":\"Les chrysanth\u00e8mes sont arriv\u00e9s! - P\u00e9pini\u00e8res de la Rivi\u00e8re\",\"isPartOf\":{\"@id\":\"https:\/\/pepinieresdelariviere.fr\/#website\"},\"primaryImageOfPage\":{\"@id\":\"https:\/\/pepinieresdelariviere.fr\/chrysanthemes-arrives-3\/#primaryimage\"},\"image\":{\"@id\":\"https:\/\/pepinieresdelariviere.fr\/chrysanthemes-arrives-3\/#primaryimage\"},\"thumbnailUrl\":\"https:\/\/pepinieresdelariviere.fr\/wp-content\/uploads\/2018\/10\/chrysanth\u00e8mes-2018.jpg\",\"datePublished\":\"2018-10-15T15:31:42+00:00\",\"dateModified\":\"2019-09-04T12:00:24+00:00\",\"author\":{\"@id\":\"https:\/\/pepinieresdelariviere.fr\/#\/schema\/person\/8b57c60704cb519936d821f999b254dc\"},\"breadcrumb\":{\"@id\":\"https:\/\/pepinieresdelariviere.fr\/chrysanthemes-arrives-3\/#breadcrumb\"},\"inLanguage\":\"fr-FR\",\"potentialAction\":[{\"@type\":\"ReadAction\",\"target\":[\"https:\/\/pepinieresdelariviere.fr\/chrysanthemes-arrives-3\/\"]}]},{\"@type\":\"ImageObject\",\"inLanguage\":\"fr-FR\",\"@id\":\"https:\/\/pepinieresdelariviere.fr\/chrysanthemes-arrives-3\/#primaryimage\",\"url\":\"https:\/\/pepinieresdelariviere.fr\/wp-content\/uploads\/2018\/10\/chrysanth\u00e8mes-2018.jpg\",\"contentUrl\":\"https:\/\/pepinieresdelariviere.fr\/wp-content\/uploads\/2018\/10\/chrysanth\u00e8mes-2018.jpg\",\"width\":5000,\"height\":5000},{\"@type\":\"BreadcrumbList\",\"@id\":\"https:\/\/pepinieresdelariviere.fr\/chrysanthemes-arrives-3\/#breadcrumb\",\"itemListElement\":[{\"@type\":\"ListItem\",\"position\":1,\"name\":\"Accueil\",\"item\":\"https:\/\/pepinieresdelariviere.fr\/\"},{\"@type\":\"ListItem\",\"position\":2,\"name\":\"Les chrysanth\u00e8mes sont arriv\u00e9s!\"}]},{\"@type\":\"WebSite\",\"@id\":\"https:\/\/pepinieresdelariviere.fr\/#website\",\"url\":\"https:\/\/pepinieresdelariviere.fr\/\",\"name\":\"P\u00e9pini\u00e8res de la Rivi\u00e8re\",\"description\":\"Les P\u00e9pini\u00e8res de la Rivi\u00e8re sont situ\u00e9es \u00e0 Soullans en Vend\u00e9e (85). D\u00e9couvrez un large choix de v\u00e9g\u00e9taux et de d\u00e9coration pour vos espaces verts.\",\"potentialAction\":[{\"@type\":\"SearchAction\",\"target\":{\"@type\":\"EntryPoint\",\"urlTemplate\":\"https:\/\/pepinieresdelariviere.fr\/?s={search_term_string}\"},\"query-input\":{\"@type\":\"PropertyValueSpecification\",\"valueRequired\":true,\"valueName\":\"search_term_string\"}}],\"inLanguage\":\"fr-FR\"},{\"@type\":\"Person\",\"@id\":\"https:\/\/pepinieresdelariviere.fr\/#\/schema\/person\/8b57c60704cb519936d821f999b254dc\",\"name\":\"admin-pepinieresriviere\",\"image\":{\"@type\":\"ImageObject\",\"inLanguage\":\"fr-FR\",\"@id\":\"https:\/\/secure.gravatar.com\/avatar\/b7e7818f3bc4056d29730c8b49b56e37487cafa62e85d34ee719e66093981a2f?s=96&d=mm&r=g\",\"url\":\"https:\/\/secure.gravatar.com\/avatar\/b7e7818f3bc4056d29730c8b49b56e37487cafa62e85d34ee719e66093981a2f?s=96&d=mm&r=g\",\"contentUrl\":\"https:\/\/secure.gravatar.com\/avatar\/b7e7818f3bc4056d29730c8b49b56e37487cafa62e85d34ee719e66093981a2f?s=96&d=mm&r=g\",\"caption\":\"admin-pepinieresriviere\"},\"url\":\"https:\/\/pepinieresdelariviere.fr\/author\/admin-pepinieresriviere\/\"}]}<\/script>\n<!-- \/ Yoast SEO plugin. -->","yoast_head_json":{"title":"Les chrysanth\u00e8mes sont arriv\u00e9s! - P\u00e9pini\u00e8res de la Rivi\u00e8re","robots":{"index":"index","follow":"follow","max-snippet":"max-snippet:-1","max-image-preview":"max-image-preview:large","max-video-preview":"max-video-preview:-1"},"canonical":"https:\/\/pepinieresdelariviere.fr\/chrysanthemes-arrives-3\/","og_locale":"fr_FR","og_type":"article","og_title":"Les chrysanth\u00e8mes sont arriv\u00e9s! - P\u00e9pini\u00e8res de la Rivi\u00e8re","og_description":"Profitez d&rsquo;un tr\u00e8s grand choix de formes et de couleurs, \u00e0 partir de 3.95\u20ac.","og_url":"https:\/\/pepinieresdelariviere.fr\/chrysanthemes-arrives-3\/","og_site_name":"P\u00e9pini\u00e8res de la Rivi\u00e8re","article_published_time":"2018-10-15T15:31:42+00:00","article_modified_time":"2019-09-04T12:00:24+00:00","og_image":[{"width":1600,"height":1600,"url":"https:\/\/pepinieresdelariviere.fr\/wp-content\/uploads\/2018\/10\/chrysanth\u00e8mes-2018-1600x1600.jpg","type":"image\/jpeg"}],"author":"admin-pepinieresriviere","twitter_card":"summary_large_image","twitter_misc":{"\u00c9crit par":"admin-pepinieresriviere"},"schema":{"@context":"https:\/\/schema.org","@graph":[{"@type":"Article","@id":"https:\/\/pepinieresdelariviere.fr\/chrysanthemes-arrives-3\/#article","isPartOf":{"@id":"https:\/\/pepinieresdelariviere.fr\/chrysanthemes-arrives-3\/"},"author":{"name":"admin-pepinieresriviere","@id":"https:\/\/pepinieresdelariviere.fr\/#\/schema\/person\/8b57c60704cb519936d821f999b254dc"},"headline":"Les chrysanth\u00e8mes sont arriv\u00e9s!","datePublished":"2018-10-15T15:31:42+00:00","dateModified":"2019-09-04T12:00:24+00:00","mainEntityOfPage":{"@id":"https:\/\/pepinieresdelariviere.fr\/chrysanthemes-arrives-3\/"},"wordCount":20,"image":{"@id":"https:\/\/pepinieresdelariviere.fr\/chrysanthemes-arrives-3\/#primaryimage"},"thumbnailUrl":"https:\/\/pepinieresdelariviere.fr\/wp-content\/uploads\/2018\/10\/chrysanth\u00e8mes-2018.jpg","articleSection":["Actualit\u00e9s"],"inLanguage":"fr-FR"},{"@type":"WebPage","@id":"https:\/\/pepinieresdelariviere.fr\/chrysanthemes-arrives-3\/","url":"https:\/\/pepinieresdelariviere.fr\/chrysanthemes-arrives-3\/","name":"Les chrysanth\u00e8mes sont arriv\u00e9s! - P\u00e9pini\u00e8res de la Rivi\u00e8re","isPartOf":{"@id":"https:\/\/pepinieresdelariviere.fr\/#website"},"primaryImageOfPage":{"@id":"https:\/\/pepinieresdelariviere.fr\/chrysanthemes-arrives-3\/#primaryimage"},"image":{"@id":"https:\/\/pepinieresdelariviere.fr\/chrysanthemes-arrives-3\/#primaryimage"},"thumbnailUrl":"https:\/\/pepinieresdelariviere.fr\/wp-content\/uploads\/2018\/10\/chrysanth\u00e8mes-2018.jpg","datePublished":"2018-10-15T15:31:42+00:00","dateModified":"2019-09-04T12:00:24+00:00","author":{"@id":"https:\/\/pepinieresdelariviere.fr\/#\/schema\/person\/8b57c60704cb519936d821f999b254dc"},"breadcrumb":{"@id":"https:\/\/pepinieresdelariviere.fr\/chrysanthemes-arrives-3\/#breadcrumb"},"inLanguage":"fr-FR","potentialAction":[{"@type":"ReadAction","target":["https:\/\/pepinieresdelariviere.fr\/chrysanthemes-arrives-3\/"]}]},{"@type":"ImageObject","inLanguage":"fr-FR","@id":"https:\/\/pepinieresdelariviere.fr\/chrysanthemes-arrives-3\/#primaryimage","url":"https:\/\/pepinieresdelariviere.fr\/wp-content\/uploads\/2018\/10\/chrysanth\u00e8mes-2018.jpg","contentUrl":"https:\/\/pepinieresdelariviere.fr\/wp-content\/uploads\/2018\/10\/chrysanth\u00e8mes-2018.jpg","width":5000,"height":5000},{"@type":"BreadcrumbList","@id":"https:\/\/pepinieresdelariviere.fr\/chrysanthemes-arrives-3\/#breadcrumb","itemListElement":[{"@type":"ListItem","position":1,"name":"Accueil","item":"https:\/\/pepinieresdelariviere.fr\/"},{"@type":"ListItem","position":2,"name":"Les chrysanth\u00e8mes sont arriv\u00e9s!"}]},{"@type":"WebSite","@id":"https:\/\/pepinieresdelariviere.fr\/#website","url":"https:\/\/pepinieresdelariviere.fr\/","name":"P\u00e9pini\u00e8res de la Rivi\u00e8re","description":"Les P\u00e9pini\u00e8res de la Rivi\u00e8re sont situ\u00e9es \u00e0 Soullans en Vend\u00e9e (85). D\u00e9couvrez un large choix de v\u00e9g\u00e9taux et de d\u00e9coration pour vos espaces verts.","potentialAction":[{"@type":"SearchAction","target":{"@type":"EntryPoint","urlTemplate":"https:\/\/pepinieresdelariviere.fr\/?s={search_term_string}"},"query-input":{"@type":"PropertyValueSpecification","valueRequired":true,"valueName":"search_term_string"}}],"inLanguage":"fr-FR"},{"@type":"Person","@id":"https:\/\/pepinieresdelariviere.fr\/#\/schema\/person\/8b57c60704cb519936d821f999b254dc","name":"admin-pepinieresriviere","image":{"@type":"ImageObject","inLanguage":"fr-FR","@id":"https:\/\/secure.gravatar.com\/avatar\/b7e7818f3bc4056d29730c8b49b56e37487cafa62e85d34ee719e66093981a2f?s=96&d=mm&r=g","url":"https:\/\/secure.gravatar.com\/avatar\/b7e7818f3bc4056d29730c8b49b56e37487cafa62e85d34ee719e66093981a2f?s=96&d=mm&r=g","contentUrl":"https:\/\/secure.gravatar.com\/avatar\/b7e7818f3bc4056d29730c8b49b56e37487cafa62e85d34ee719e66093981a2f?s=96&d=mm&r=g","caption":"admin-pepinieresriviere"},"url":"https:\/\/pepinieresdelariviere.fr\/author\/admin-pepinieresriviere\/"}]}},"_links":{"self":[{"href":"https:\/\/pepinieresdelariviere.fr\/api\/wp\/v2\/posts\/4095","targetHints":{"allow":["GET"]}}],"collection":[{"href":"https:\/\/pepinieresdelariviere.fr\/api\/wp\/v2\/posts"}],"about":[{"href":"https:\/\/pepinieresdelariviere.fr\/api\/wp\/v2\/types\/post"}],"author":[{"embeddable":true,"href":"https:\/\/pepinieresdelariviere.fr\/api\/wp\/v2\/users\/1"}],"replies":[{"embeddable":true,"href":"https:\/\/pepinieresdelariviere.fr\/api\/wp\/v2\/comments?post=4095"}],"version-history":[{"count":2,"href":"https:\/\/pepinieresdelariviere.fr\/api\/wp\/v2\/posts\/4095\/revisions"}],"predecessor-version":[{"id":5201,"href":"https:\/\/pepinieresdelariviere.fr\/api\/wp\/v2\/posts\/4095\/revisions\/5201"}],"wp:featuredmedia":[{"embeddable":true,"href":"https:\/\/pepinieresdelariviere.fr\/api\/wp\/v2\/media\/4096"}],"wp:attachment":[{"href":"https:\/\/pepinieresdelariviere.fr\/api\/wp\/v2\/media?parent=4095"}],"wp:term":[{"taxonomy":"category","embeddable":true,"href":"https:\/\/pepinieresdelariviere.fr\/api\/wp\/v2\/categories?post=4095"},{"taxonomy":"post_tag","embeddable":true,"href":"https:\/\/pepinieresdelariviere.fr\/api\/wp\/v2\/tags?post=4095"}],"curies":[{"name":"wp","href":"https:\/\/api.w.org\/{rel}","templated":true}]}}