{"id":2690,"date":"2017-01-03T11:02:00","date_gmt":"2017-01-03T10:02:00","guid":{"rendered":"https:\/\/pepinieresdelariviere.fr\/?p=2690"},"modified":"2017-01-03T11:02:00","modified_gmt":"2017-01-03T10:02:00","slug":"meilleurs-voeux","status":"publish","type":"post","link":"https:\/\/pepinieresdelariviere.fr\/meilleurs-voeux\/","title":{"rendered":"Meilleurs V\u0153ux 2017"},"content":{"rendered":"<p>Toute l&rsquo;\u00e9quipe vous souhaite une excellente ann\u00e9e 2017!<\/p>\n<p>&nbsp;<\/p>\n","protected":false},"excerpt":{"rendered":"<p>Toute l&rsquo;\u00e9quipe vous souhaite une excellente ann\u00e9e 2017! &nbsp;<\/p>\n","protected":false},"author":3,"featured_media":2691,"comment_status":"closed","ping_status":"open","sticky":false,"template":"","format":"standard","meta":{"_et_pb_use_builder":"","_et_pb_old_content":"","_et_gb_content_width":"","footnotes":""},"categories":[7],"tags":[],"class_list":["post-2690","post","type-post","status-publish","format-standard","has-post-thumbnail","hentry","category-actualites"],"yoast_head":"<!-- This site is optimized with the Yoast SEO plugin v27.2 - https:\/\/yoast.com\/product\/yoast-seo-wordpress\/ -->\n<title>Meilleurs V\u0153ux 2017 - P\u00e9pini\u00e8res de la Rivi\u00e8re<\/title>\n<meta name=\"robots\" content=\"index, follow, max-snippet:-1, max-image-preview:large, max-video-preview:-1\" \/>\n<link rel=\"canonical\" href=\"https:\/\/pepinieresdelariviere.fr\/meilleurs-voeux\/\" \/>\n<meta property=\"og:locale\" content=\"fr_FR\" \/>\n<meta property=\"og:type\" content=\"article\" \/>\n<meta property=\"og:title\" content=\"Meilleurs V\u0153ux 2017 - P\u00e9pini\u00e8res de la Rivi\u00e8re\" \/>\n<meta property=\"og:description\" content=\"Toute l&rsquo;\u00e9quipe vous souhaite une excellente ann\u00e9e 2017! &nbsp;\" \/>\n<meta property=\"og:url\" content=\"https:\/\/pepinieresdelariviere.fr\/meilleurs-voeux\/\" \/>\n<meta property=\"og:site_name\" content=\"P\u00e9pini\u00e8res de la Rivi\u00e8re\" \/>\n<meta property=\"article:published_time\" content=\"2017-01-03T10:02:00+00:00\" \/>\n<meta property=\"og:image\" content=\"https:\/\/pepinieresdelariviere.fr\/wp-content\/uploads\/2017\/01\/voeux-2017.jpg\" \/>\n\t<meta property=\"og:image:width\" content=\"1302\" \/>\n\t<meta property=\"og:image:height\" content=\"1233\" \/>\n\t<meta property=\"og:image:type\" content=\"image\/jpeg\" \/>\n<meta name=\"author\" content=\"Julien Praud\" \/>\n<meta name=\"twitter:card\" content=\"summary_large_image\" \/>\n<meta name=\"twitter:label1\" content=\"\u00c9crit par\" \/>\n\t<meta name=\"twitter:data1\" content=\"Julien Praud\" \/>\n<script type=\"application\/ld+json\" class=\"yoast-schema-graph\">{\"@context\":\"https:\/\/schema.org\",\"@graph\":[{\"@type\":\"Article\",\"@id\":\"https:\/\/pepinieresdelariviere.fr\/meilleurs-voeux\/#article\",\"isPartOf\":{\"@id\":\"https:\/\/pepinieresdelariviere.fr\/meilleurs-voeux\/\"},\"author\":{\"name\":\"Julien Praud\",\"@id\":\"https:\/\/pepinieresdelariviere.fr\/#\/schema\/person\/d550811211ea674e894d186592e78139\"},\"headline\":\"Meilleurs V\u0153ux 2017\",\"datePublished\":\"2017-01-03T10:02:00+00:00\",\"mainEntityOfPage\":{\"@id\":\"https:\/\/pepinieresdelariviere.fr\/meilleurs-voeux\/\"},\"wordCount\":13,\"image\":{\"@id\":\"https:\/\/pepinieresdelariviere.fr\/meilleurs-voeux\/#primaryimage\"},\"thumbnailUrl\":\"https:\/\/pepinieresdelariviere.fr\/wp-content\/uploads\/2017\/01\/voeux-2017.jpg\",\"articleSection\":[\"Actualit\u00e9s\"],\"inLanguage\":\"fr-FR\"},{\"@type\":\"WebPage\",\"@id\":\"https:\/\/pepinieresdelariviere.fr\/meilleurs-voeux\/\",\"url\":\"https:\/\/pepinieresdelariviere.fr\/meilleurs-voeux\/\",\"name\":\"Meilleurs V\u0153ux 2017 - P\u00e9pini\u00e8res de la Rivi\u00e8re\",\"isPartOf\":{\"@id\":\"https:\/\/pepinieresdelariviere.fr\/#website\"},\"primaryImageOfPage\":{\"@id\":\"https:\/\/pepinieresdelariviere.fr\/meilleurs-voeux\/#primaryimage\"},\"image\":{\"@id\":\"https:\/\/pepinieresdelariviere.fr\/meilleurs-voeux\/#primaryimage\"},\"thumbnailUrl\":\"https:\/\/pepinieresdelariviere.fr\/wp-content\/uploads\/2017\/01\/voeux-2017.jpg\",\"datePublished\":\"2017-01-03T10:02:00+00:00\",\"author\":{\"@id\":\"https:\/\/pepinieresdelariviere.fr\/#\/schema\/person\/d550811211ea674e894d186592e78139\"},\"breadcrumb\":{\"@id\":\"https:\/\/pepinieresdelariviere.fr\/meilleurs-voeux\/#breadcrumb\"},\"inLanguage\":\"fr-FR\",\"potentialAction\":[{\"@type\":\"ReadAction\",\"target\":[\"https:\/\/pepinieresdelariviere.fr\/meilleurs-voeux\/\"]}]},{\"@type\":\"ImageObject\",\"inLanguage\":\"fr-FR\",\"@id\":\"https:\/\/pepinieresdelariviere.fr\/meilleurs-voeux\/#primaryimage\",\"url\":\"https:\/\/pepinieresdelariviere.fr\/wp-content\/uploads\/2017\/01\/voeux-2017.jpg\",\"contentUrl\":\"https:\/\/pepinieresdelariviere.fr\/wp-content\/uploads\/2017\/01\/voeux-2017.jpg\",\"width\":1302,\"height\":1233},{\"@type\":\"BreadcrumbList\",\"@id\":\"https:\/\/pepinieresdelariviere.fr\/meilleurs-voeux\/#breadcrumb\",\"itemListElement\":[{\"@type\":\"ListItem\",\"position\":1,\"name\":\"Accueil\",\"item\":\"https:\/\/pepinieresdelariviere.fr\/\"},{\"@type\":\"ListItem\",\"position\":2,\"name\":\"Meilleurs V\u0153ux 2017\"}]},{\"@type\":\"WebSite\",\"@id\":\"https:\/\/pepinieresdelariviere.fr\/#website\",\"url\":\"https:\/\/pepinieresdelariviere.fr\/\",\"name\":\"P\u00e9pini\u00e8res de la Rivi\u00e8re\",\"description\":\"Les P\u00e9pini\u00e8res de la Rivi\u00e8re sont situ\u00e9es \u00e0 Soullans en Vend\u00e9e (85). D\u00e9couvrez un large choix de v\u00e9g\u00e9taux et de d\u00e9coration pour vos espaces verts.\",\"potentialAction\":[{\"@type\":\"SearchAction\",\"target\":{\"@type\":\"EntryPoint\",\"urlTemplate\":\"https:\/\/pepinieresdelariviere.fr\/?s={search_term_string}\"},\"query-input\":{\"@type\":\"PropertyValueSpecification\",\"valueRequired\":true,\"valueName\":\"search_term_string\"}}],\"inLanguage\":\"fr-FR\"},{\"@type\":\"Person\",\"@id\":\"https:\/\/pepinieresdelariviere.fr\/#\/schema\/person\/d550811211ea674e894d186592e78139\",\"name\":\"Julien Praud\",\"image\":{\"@type\":\"ImageObject\",\"inLanguage\":\"fr-FR\",\"@id\":\"https:\/\/secure.gravatar.com\/avatar\/703096f5813e08c5deaf2325ae3b2a2f973416aea2d1df48c529eb0a79662058?s=96&d=mm&r=g\",\"url\":\"https:\/\/secure.gravatar.com\/avatar\/703096f5813e08c5deaf2325ae3b2a2f973416aea2d1df48c529eb0a79662058?s=96&d=mm&r=g\",\"contentUrl\":\"https:\/\/secure.gravatar.com\/avatar\/703096f5813e08c5deaf2325ae3b2a2f973416aea2d1df48c529eb0a79662058?s=96&d=mm&r=g\",\"caption\":\"Julien Praud\"},\"url\":\"https:\/\/pepinieresdelariviere.fr\/author\/julien-praud\/\"}]}<\/script>\n<!-- \/ Yoast SEO plugin. -->","yoast_head_json":{"title":"Meilleurs V\u0153ux 2017 - P\u00e9pini\u00e8res de la Rivi\u00e8re","robots":{"index":"index","follow":"follow","max-snippet":"max-snippet:-1","max-image-preview":"max-image-preview:large","max-video-preview":"max-video-preview:-1"},"canonical":"https:\/\/pepinieresdelariviere.fr\/meilleurs-voeux\/","og_locale":"fr_FR","og_type":"article","og_title":"Meilleurs V\u0153ux 2017 - P\u00e9pini\u00e8res de la Rivi\u00e8re","og_description":"Toute l&rsquo;\u00e9quipe vous souhaite une excellente ann\u00e9e 2017! &nbsp;","og_url":"https:\/\/pepinieresdelariviere.fr\/meilleurs-voeux\/","og_site_name":"P\u00e9pini\u00e8res de la Rivi\u00e8re","article_published_time":"2017-01-03T10:02:00+00:00","og_image":[{"width":1302,"height":1233,"url":"https:\/\/pepinieresdelariviere.fr\/wp-content\/uploads\/2017\/01\/voeux-2017.jpg","type":"image\/jpeg"}],"author":"Julien Praud","twitter_card":"summary_large_image","twitter_misc":{"\u00c9crit par":"Julien Praud"},"schema":{"@context":"https:\/\/schema.org","@graph":[{"@type":"Article","@id":"https:\/\/pepinieresdelariviere.fr\/meilleurs-voeux\/#article","isPartOf":{"@id":"https:\/\/pepinieresdelariviere.fr\/meilleurs-voeux\/"},"author":{"name":"Julien Praud","@id":"https:\/\/pepinieresdelariviere.fr\/#\/schema\/person\/d550811211ea674e894d186592e78139"},"headline":"Meilleurs V\u0153ux 2017","datePublished":"2017-01-03T10:02:00+00:00","mainEntityOfPage":{"@id":"https:\/\/pepinieresdelariviere.fr\/meilleurs-voeux\/"},"wordCount":13,"image":{"@id":"https:\/\/pepinieresdelariviere.fr\/meilleurs-voeux\/#primaryimage"},"thumbnailUrl":"https:\/\/pepinieresdelariviere.fr\/wp-content\/uploads\/2017\/01\/voeux-2017.jpg","articleSection":["Actualit\u00e9s"],"inLanguage":"fr-FR"},{"@type":"WebPage","@id":"https:\/\/pepinieresdelariviere.fr\/meilleurs-voeux\/","url":"https:\/\/pepinieresdelariviere.fr\/meilleurs-voeux\/","name":"Meilleurs V\u0153ux 2017 - P\u00e9pini\u00e8res de la Rivi\u00e8re","isPartOf":{"@id":"https:\/\/pepinieresdelariviere.fr\/#website"},"primaryImageOfPage":{"@id":"https:\/\/pepinieresdelariviere.fr\/meilleurs-voeux\/#primaryimage"},"image":{"@id":"https:\/\/pepinieresdelariviere.fr\/meilleurs-voeux\/#primaryimage"},"thumbnailUrl":"https:\/\/pepinieresdelariviere.fr\/wp-content\/uploads\/2017\/01\/voeux-2017.jpg","datePublished":"2017-01-03T10:02:00+00:00","author":{"@id":"https:\/\/pepinieresdelariviere.fr\/#\/schema\/person\/d550811211ea674e894d186592e78139"},"breadcrumb":{"@id":"https:\/\/pepinieresdelariviere.fr\/meilleurs-voeux\/#breadcrumb"},"inLanguage":"fr-FR","potentialAction":[{"@type":"ReadAction","target":["https:\/\/pepinieresdelariviere.fr\/meilleurs-voeux\/"]}]},{"@type":"ImageObject","inLanguage":"fr-FR","@id":"https:\/\/pepinieresdelariviere.fr\/meilleurs-voeux\/#primaryimage","url":"https:\/\/pepinieresdelariviere.fr\/wp-content\/uploads\/2017\/01\/voeux-2017.jpg","contentUrl":"https:\/\/pepinieresdelariviere.fr\/wp-content\/uploads\/2017\/01\/voeux-2017.jpg","width":1302,"height":1233},{"@type":"BreadcrumbList","@id":"https:\/\/pepinieresdelariviere.fr\/meilleurs-voeux\/#breadcrumb","itemListElement":[{"@type":"ListItem","position":1,"name":"Accueil","item":"https:\/\/pepinieresdelariviere.fr\/"},{"@type":"ListItem","position":2,"name":"Meilleurs V\u0153ux 2017"}]},{"@type":"WebSite","@id":"https:\/\/pepinieresdelariviere.fr\/#website","url":"https:\/\/pepinieresdelariviere.fr\/","name":"P\u00e9pini\u00e8res de la Rivi\u00e8re","description":"Les P\u00e9pini\u00e8res de la Rivi\u00e8re sont situ\u00e9es \u00e0 Soullans en Vend\u00e9e (85). D\u00e9couvrez un large choix de v\u00e9g\u00e9taux et de d\u00e9coration pour vos espaces verts.","potentialAction":[{"@type":"SearchAction","target":{"@type":"EntryPoint","urlTemplate":"https:\/\/pepinieresdelariviere.fr\/?s={search_term_string}"},"query-input":{"@type":"PropertyValueSpecification","valueRequired":true,"valueName":"search_term_string"}}],"inLanguage":"fr-FR"},{"@type":"Person","@id":"https:\/\/pepinieresdelariviere.fr\/#\/schema\/person\/d550811211ea674e894d186592e78139","name":"Julien Praud","image":{"@type":"ImageObject","inLanguage":"fr-FR","@id":"https:\/\/secure.gravatar.com\/avatar\/703096f5813e08c5deaf2325ae3b2a2f973416aea2d1df48c529eb0a79662058?s=96&d=mm&r=g","url":"https:\/\/secure.gravatar.com\/avatar\/703096f5813e08c5deaf2325ae3b2a2f973416aea2d1df48c529eb0a79662058?s=96&d=mm&r=g","contentUrl":"https:\/\/secure.gravatar.com\/avatar\/703096f5813e08c5deaf2325ae3b2a2f973416aea2d1df48c529eb0a79662058?s=96&d=mm&r=g","caption":"Julien Praud"},"url":"https:\/\/pepinieresdelariviere.fr\/author\/julien-praud\/"}]}},"_links":{"self":[{"href":"https:\/\/pepinieresdelariviere.fr\/api\/wp\/v2\/posts\/2690","targetHints":{"allow":["GET"]}}],"collection":[{"href":"https:\/\/pepinieresdelariviere.fr\/api\/wp\/v2\/posts"}],"about":[{"href":"https:\/\/pepinieresdelariviere.fr\/api\/wp\/v2\/types\/post"}],"author":[{"embeddable":true,"href":"https:\/\/pepinieresdelariviere.fr\/api\/wp\/v2\/users\/3"}],"replies":[{"embeddable":true,"href":"https:\/\/pepinieresdelariviere.fr\/api\/wp\/v2\/comments?post=2690"}],"version-history":[{"count":2,"href":"https:\/\/pepinieresdelariviere.fr\/api\/wp\/v2\/posts\/2690\/revisions"}],"predecessor-version":[{"id":2693,"href":"https:\/\/pepinieresdelariviere.fr\/api\/wp\/v2\/posts\/2690\/revisions\/2693"}],"wp:featuredmedia":[{"embeddable":true,"href":"https:\/\/pepinieresdelariviere.fr\/api\/wp\/v2\/media\/2691"}],"wp:attachment":[{"href":"https:\/\/pepinieresdelariviere.fr\/api\/wp\/v2\/media?parent=2690"}],"wp:term":[{"taxonomy":"category","embeddable":true,"href":"https:\/\/pepinieresdelariviere.fr\/api\/wp\/v2\/categories?post=2690"},{"taxonomy":"post_tag","embeddable":true,"href":"https:\/\/pepinieresdelariviere.fr\/api\/wp\/v2\/tags?post=2690"}],"curies":[{"name":"wp","href":"https:\/\/api.w.org\/{rel}","templated":true}]}}