{"id":2546,"date":"2016-12-24T13:43:38","date_gmt":"2016-12-24T12:43:38","guid":{"rendered":"https:\/\/pepinieresdelariviere.fr\/?p=2546"},"modified":"2016-12-24T13:43:38","modified_gmt":"2016-12-24T12:43:38","slug":"fermetures-exceptionnelles","status":"publish","type":"post","link":"https:\/\/pepinieresdelariviere.fr\/fermetures-exceptionnelles\/","title":{"rendered":"FERMETURES EXCEPTIONNELLES"},"content":{"rendered":"<p>Nous vous informons que votre p\u00e9pini\u00e8re fermera \u00e0 <span style=\"text-decoration: underline;\">16h00<\/span> les 24 et 31 D\u00e9cembre et sera ferm\u00e9e le lundi 26 D\u00e9cembre et le lundi 2 Janvier.<\/p>\n<p>Joyeuses f\u00eates de fin d&rsquo;ann\u00e9e \u00e0 tous!<\/p>\n","protected":false},"excerpt":{"rendered":"<p>Nous vous informons que votre p\u00e9pini\u00e8re fermera \u00e0 16h00 les 24 et 31 D\u00e9cembre et sera ferm\u00e9e le lundi 26 D\u00e9cembre et le lundi 2 Janvier. Joyeuses f\u00eates de fin d&rsquo;ann\u00e9e \u00e0 tous!<\/p>\n","protected":false},"author":3,"featured_media":2547,"comment_status":"closed","ping_status":"open","sticky":false,"template":"","format":"standard","meta":{"_et_pb_use_builder":"","_et_pb_old_content":"","_et_gb_content_width":"","footnotes":""},"categories":[7],"tags":[],"class_list":["post-2546","post","type-post","status-publish","format-standard","has-post-thumbnail","hentry","category-actualites"],"yoast_head":"<!-- This site is optimized with the Yoast SEO plugin v27.2 - https:\/\/yoast.com\/product\/yoast-seo-wordpress\/ -->\n<title>FERMETURES EXCEPTIONNELLES - P\u00e9pini\u00e8res de la Rivi\u00e8re<\/title>\n<meta name=\"robots\" content=\"index, follow, max-snippet:-1, max-image-preview:large, max-video-preview:-1\" \/>\n<link rel=\"canonical\" href=\"https:\/\/pepinieresdelariviere.fr\/fermetures-exceptionnelles\/\" \/>\n<meta property=\"og:locale\" content=\"fr_FR\" \/>\n<meta property=\"og:type\" content=\"article\" \/>\n<meta property=\"og:title\" content=\"FERMETURES EXCEPTIONNELLES - P\u00e9pini\u00e8res de la Rivi\u00e8re\" \/>\n<meta property=\"og:description\" content=\"Nous vous informons que votre p\u00e9pini\u00e8re fermera \u00e0 16h00 les 24 et 31 D\u00e9cembre et sera ferm\u00e9e le lundi 26 D\u00e9cembre et le lundi 2 Janvier. Joyeuses f\u00eates de fin d&rsquo;ann\u00e9e \u00e0 tous!\" \/>\n<meta property=\"og:url\" content=\"https:\/\/pepinieresdelariviere.fr\/fermetures-exceptionnelles\/\" \/>\n<meta property=\"og:site_name\" content=\"P\u00e9pini\u00e8res de la Rivi\u00e8re\" \/>\n<meta property=\"article:published_time\" content=\"2016-12-24T12:43:38+00:00\" \/>\n<meta property=\"og:image\" content=\"https:\/\/pepinieresdelariviere.fr\/wp-content\/uploads\/2016\/12\/logo-pepi-noel.jpg\" \/>\n\t<meta property=\"og:image:width\" content=\"724\" \/>\n\t<meta property=\"og:image:height\" content=\"415\" \/>\n\t<meta property=\"og:image:type\" content=\"image\/jpeg\" \/>\n<meta name=\"author\" content=\"Julien Praud\" \/>\n<meta name=\"twitter:card\" content=\"summary_large_image\" \/>\n<meta name=\"twitter:label1\" content=\"\u00c9crit par\" \/>\n\t<meta name=\"twitter:data1\" content=\"Julien Praud\" \/>\n<script type=\"application\/ld+json\" class=\"yoast-schema-graph\">{\"@context\":\"https:\/\/schema.org\",\"@graph\":[{\"@type\":\"Article\",\"@id\":\"https:\/\/pepinieresdelariviere.fr\/fermetures-exceptionnelles\/#article\",\"isPartOf\":{\"@id\":\"https:\/\/pepinieresdelariviere.fr\/fermetures-exceptionnelles\/\"},\"author\":{\"name\":\"Julien Praud\",\"@id\":\"https:\/\/pepinieresdelariviere.fr\/#\/schema\/person\/d550811211ea674e894d186592e78139\"},\"headline\":\"FERMETURES EXCEPTIONNELLES\",\"datePublished\":\"2016-12-24T12:43:38+00:00\",\"mainEntityOfPage\":{\"@id\":\"https:\/\/pepinieresdelariviere.fr\/fermetures-exceptionnelles\/\"},\"wordCount\":37,\"image\":{\"@id\":\"https:\/\/pepinieresdelariviere.fr\/fermetures-exceptionnelles\/#primaryimage\"},\"thumbnailUrl\":\"https:\/\/pepinieresdelariviere.fr\/wp-content\/uploads\/2016\/12\/logo-pepi-noel.jpg\",\"articleSection\":[\"Actualit\u00e9s\"],\"inLanguage\":\"fr-FR\"},{\"@type\":\"WebPage\",\"@id\":\"https:\/\/pepinieresdelariviere.fr\/fermetures-exceptionnelles\/\",\"url\":\"https:\/\/pepinieresdelariviere.fr\/fermetures-exceptionnelles\/\",\"name\":\"FERMETURES EXCEPTIONNELLES - P\u00e9pini\u00e8res de la Rivi\u00e8re\",\"isPartOf\":{\"@id\":\"https:\/\/pepinieresdelariviere.fr\/#website\"},\"primaryImageOfPage\":{\"@id\":\"https:\/\/pepinieresdelariviere.fr\/fermetures-exceptionnelles\/#primaryimage\"},\"image\":{\"@id\":\"https:\/\/pepinieresdelariviere.fr\/fermetures-exceptionnelles\/#primaryimage\"},\"thumbnailUrl\":\"https:\/\/pepinieresdelariviere.fr\/wp-content\/uploads\/2016\/12\/logo-pepi-noel.jpg\",\"datePublished\":\"2016-12-24T12:43:38+00:00\",\"author\":{\"@id\":\"https:\/\/pepinieresdelariviere.fr\/#\/schema\/person\/d550811211ea674e894d186592e78139\"},\"breadcrumb\":{\"@id\":\"https:\/\/pepinieresdelariviere.fr\/fermetures-exceptionnelles\/#breadcrumb\"},\"inLanguage\":\"fr-FR\",\"potentialAction\":[{\"@type\":\"ReadAction\",\"target\":[\"https:\/\/pepinieresdelariviere.fr\/fermetures-exceptionnelles\/\"]}]},{\"@type\":\"ImageObject\",\"inLanguage\":\"fr-FR\",\"@id\":\"https:\/\/pepinieresdelariviere.fr\/fermetures-exceptionnelles\/#primaryimage\",\"url\":\"https:\/\/pepinieresdelariviere.fr\/wp-content\/uploads\/2016\/12\/logo-pepi-noel.jpg\",\"contentUrl\":\"https:\/\/pepinieresdelariviere.fr\/wp-content\/uploads\/2016\/12\/logo-pepi-noel.jpg\",\"width\":724,\"height\":415},{\"@type\":\"BreadcrumbList\",\"@id\":\"https:\/\/pepinieresdelariviere.fr\/fermetures-exceptionnelles\/#breadcrumb\",\"itemListElement\":[{\"@type\":\"ListItem\",\"position\":1,\"name\":\"Accueil\",\"item\":\"https:\/\/pepinieresdelariviere.fr\/\"},{\"@type\":\"ListItem\",\"position\":2,\"name\":\"FERMETURES EXCEPTIONNELLES\"}]},{\"@type\":\"WebSite\",\"@id\":\"https:\/\/pepinieresdelariviere.fr\/#website\",\"url\":\"https:\/\/pepinieresdelariviere.fr\/\",\"name\":\"P\u00e9pini\u00e8res de la Rivi\u00e8re\",\"description\":\"Les P\u00e9pini\u00e8res de la Rivi\u00e8re sont situ\u00e9es \u00e0 Soullans en Vend\u00e9e (85). D\u00e9couvrez un large choix de v\u00e9g\u00e9taux et de d\u00e9coration pour vos espaces verts.\",\"potentialAction\":[{\"@type\":\"SearchAction\",\"target\":{\"@type\":\"EntryPoint\",\"urlTemplate\":\"https:\/\/pepinieresdelariviere.fr\/?s={search_term_string}\"},\"query-input\":{\"@type\":\"PropertyValueSpecification\",\"valueRequired\":true,\"valueName\":\"search_term_string\"}}],\"inLanguage\":\"fr-FR\"},{\"@type\":\"Person\",\"@id\":\"https:\/\/pepinieresdelariviere.fr\/#\/schema\/person\/d550811211ea674e894d186592e78139\",\"name\":\"Julien Praud\",\"image\":{\"@type\":\"ImageObject\",\"inLanguage\":\"fr-FR\",\"@id\":\"https:\/\/secure.gravatar.com\/avatar\/703096f5813e08c5deaf2325ae3b2a2f973416aea2d1df48c529eb0a79662058?s=96&d=mm&r=g\",\"url\":\"https:\/\/secure.gravatar.com\/avatar\/703096f5813e08c5deaf2325ae3b2a2f973416aea2d1df48c529eb0a79662058?s=96&d=mm&r=g\",\"contentUrl\":\"https:\/\/secure.gravatar.com\/avatar\/703096f5813e08c5deaf2325ae3b2a2f973416aea2d1df48c529eb0a79662058?s=96&d=mm&r=g\",\"caption\":\"Julien Praud\"},\"url\":\"https:\/\/pepinieresdelariviere.fr\/author\/julien-praud\/\"}]}<\/script>\n<!-- \/ Yoast SEO plugin. -->","yoast_head_json":{"title":"FERMETURES EXCEPTIONNELLES - P\u00e9pini\u00e8res de la Rivi\u00e8re","robots":{"index":"index","follow":"follow","max-snippet":"max-snippet:-1","max-image-preview":"max-image-preview:large","max-video-preview":"max-video-preview:-1"},"canonical":"https:\/\/pepinieresdelariviere.fr\/fermetures-exceptionnelles\/","og_locale":"fr_FR","og_type":"article","og_title":"FERMETURES EXCEPTIONNELLES - P\u00e9pini\u00e8res de la Rivi\u00e8re","og_description":"Nous vous informons que votre p\u00e9pini\u00e8re fermera \u00e0 16h00 les 24 et 31 D\u00e9cembre et sera ferm\u00e9e le lundi 26 D\u00e9cembre et le lundi 2 Janvier. Joyeuses f\u00eates de fin d&rsquo;ann\u00e9e \u00e0 tous!","og_url":"https:\/\/pepinieresdelariviere.fr\/fermetures-exceptionnelles\/","og_site_name":"P\u00e9pini\u00e8res de la Rivi\u00e8re","article_published_time":"2016-12-24T12:43:38+00:00","og_image":[{"width":724,"height":415,"url":"https:\/\/pepinieresdelariviere.fr\/wp-content\/uploads\/2016\/12\/logo-pepi-noel.jpg","type":"image\/jpeg"}],"author":"Julien Praud","twitter_card":"summary_large_image","twitter_misc":{"\u00c9crit par":"Julien Praud"},"schema":{"@context":"https:\/\/schema.org","@graph":[{"@type":"Article","@id":"https:\/\/pepinieresdelariviere.fr\/fermetures-exceptionnelles\/#article","isPartOf":{"@id":"https:\/\/pepinieresdelariviere.fr\/fermetures-exceptionnelles\/"},"author":{"name":"Julien Praud","@id":"https:\/\/pepinieresdelariviere.fr\/#\/schema\/person\/d550811211ea674e894d186592e78139"},"headline":"FERMETURES EXCEPTIONNELLES","datePublished":"2016-12-24T12:43:38+00:00","mainEntityOfPage":{"@id":"https:\/\/pepinieresdelariviere.fr\/fermetures-exceptionnelles\/"},"wordCount":37,"image":{"@id":"https:\/\/pepinieresdelariviere.fr\/fermetures-exceptionnelles\/#primaryimage"},"thumbnailUrl":"https:\/\/pepinieresdelariviere.fr\/wp-content\/uploads\/2016\/12\/logo-pepi-noel.jpg","articleSection":["Actualit\u00e9s"],"inLanguage":"fr-FR"},{"@type":"WebPage","@id":"https:\/\/pepinieresdelariviere.fr\/fermetures-exceptionnelles\/","url":"https:\/\/pepinieresdelariviere.fr\/fermetures-exceptionnelles\/","name":"FERMETURES EXCEPTIONNELLES - P\u00e9pini\u00e8res de la Rivi\u00e8re","isPartOf":{"@id":"https:\/\/pepinieresdelariviere.fr\/#website"},"primaryImageOfPage":{"@id":"https:\/\/pepinieresdelariviere.fr\/fermetures-exceptionnelles\/#primaryimage"},"image":{"@id":"https:\/\/pepinieresdelariviere.fr\/fermetures-exceptionnelles\/#primaryimage"},"thumbnailUrl":"https:\/\/pepinieresdelariviere.fr\/wp-content\/uploads\/2016\/12\/logo-pepi-noel.jpg","datePublished":"2016-12-24T12:43:38+00:00","author":{"@id":"https:\/\/pepinieresdelariviere.fr\/#\/schema\/person\/d550811211ea674e894d186592e78139"},"breadcrumb":{"@id":"https:\/\/pepinieresdelariviere.fr\/fermetures-exceptionnelles\/#breadcrumb"},"inLanguage":"fr-FR","potentialAction":[{"@type":"ReadAction","target":["https:\/\/pepinieresdelariviere.fr\/fermetures-exceptionnelles\/"]}]},{"@type":"ImageObject","inLanguage":"fr-FR","@id":"https:\/\/pepinieresdelariviere.fr\/fermetures-exceptionnelles\/#primaryimage","url":"https:\/\/pepinieresdelariviere.fr\/wp-content\/uploads\/2016\/12\/logo-pepi-noel.jpg","contentUrl":"https:\/\/pepinieresdelariviere.fr\/wp-content\/uploads\/2016\/12\/logo-pepi-noel.jpg","width":724,"height":415},{"@type":"BreadcrumbList","@id":"https:\/\/pepinieresdelariviere.fr\/fermetures-exceptionnelles\/#breadcrumb","itemListElement":[{"@type":"ListItem","position":1,"name":"Accueil","item":"https:\/\/pepinieresdelariviere.fr\/"},{"@type":"ListItem","position":2,"name":"FERMETURES EXCEPTIONNELLES"}]},{"@type":"WebSite","@id":"https:\/\/pepinieresdelariviere.fr\/#website","url":"https:\/\/pepinieresdelariviere.fr\/","name":"P\u00e9pini\u00e8res de la Rivi\u00e8re","description":"Les P\u00e9pini\u00e8res de la Rivi\u00e8re sont situ\u00e9es \u00e0 Soullans en Vend\u00e9e (85). D\u00e9couvrez un large choix de v\u00e9g\u00e9taux et de d\u00e9coration pour vos espaces verts.","potentialAction":[{"@type":"SearchAction","target":{"@type":"EntryPoint","urlTemplate":"https:\/\/pepinieresdelariviere.fr\/?s={search_term_string}"},"query-input":{"@type":"PropertyValueSpecification","valueRequired":true,"valueName":"search_term_string"}}],"inLanguage":"fr-FR"},{"@type":"Person","@id":"https:\/\/pepinieresdelariviere.fr\/#\/schema\/person\/d550811211ea674e894d186592e78139","name":"Julien Praud","image":{"@type":"ImageObject","inLanguage":"fr-FR","@id":"https:\/\/secure.gravatar.com\/avatar\/703096f5813e08c5deaf2325ae3b2a2f973416aea2d1df48c529eb0a79662058?s=96&d=mm&r=g","url":"https:\/\/secure.gravatar.com\/avatar\/703096f5813e08c5deaf2325ae3b2a2f973416aea2d1df48c529eb0a79662058?s=96&d=mm&r=g","contentUrl":"https:\/\/secure.gravatar.com\/avatar\/703096f5813e08c5deaf2325ae3b2a2f973416aea2d1df48c529eb0a79662058?s=96&d=mm&r=g","caption":"Julien Praud"},"url":"https:\/\/pepinieresdelariviere.fr\/author\/julien-praud\/"}]}},"_links":{"self":[{"href":"https:\/\/pepinieresdelariviere.fr\/api\/wp\/v2\/posts\/2546","targetHints":{"allow":["GET"]}}],"collection":[{"href":"https:\/\/pepinieresdelariviere.fr\/api\/wp\/v2\/posts"}],"about":[{"href":"https:\/\/pepinieresdelariviere.fr\/api\/wp\/v2\/types\/post"}],"author":[{"embeddable":true,"href":"https:\/\/pepinieresdelariviere.fr\/api\/wp\/v2\/users\/3"}],"replies":[{"embeddable":true,"href":"https:\/\/pepinieresdelariviere.fr\/api\/wp\/v2\/comments?post=2546"}],"version-history":[{"count":3,"href":"https:\/\/pepinieresdelariviere.fr\/api\/wp\/v2\/posts\/2546\/revisions"}],"predecessor-version":[{"id":2550,"href":"https:\/\/pepinieresdelariviere.fr\/api\/wp\/v2\/posts\/2546\/revisions\/2550"}],"wp:featuredmedia":[{"embeddable":true,"href":"https:\/\/pepinieresdelariviere.fr\/api\/wp\/v2\/media\/2547"}],"wp:attachment":[{"href":"https:\/\/pepinieresdelariviere.fr\/api\/wp\/v2\/media?parent=2546"}],"wp:term":[{"taxonomy":"category","embeddable":true,"href":"https:\/\/pepinieresdelariviere.fr\/api\/wp\/v2\/categories?post=2546"},{"taxonomy":"post_tag","embeddable":true,"href":"https:\/\/pepinieresdelariviere.fr\/api\/wp\/v2\/tags?post=2546"}],"curies":[{"name":"wp","href":"https:\/\/api.w.org\/{rel}","templated":true}]}}